{"id":23405,"date":"2026-04-30T10:41:12","date_gmt":"2026-04-30T07:41:12","guid":{"rendered":"https:\/\/www.invaldainvl.com\/?p=23405"},"modified":"2026-04-30T10:41:14","modified_gmt":"2026-04-30T07:41:14","slug":"invalda-invl-shareholders-re-elected-board-approved-dividends","status":"publish","type":"post","link":"https:\/\/www.invaldainvl.com\/en\/press-releases\/invalda-invl-shareholders-re-elected-board-approved-dividends\/","title":{"rendered":"Invalda INVL shareholders re-elected Board, approved dividends"},"content":{"rendered":"\n<section  class=\"invl-block invl-block-1-columns invl-columns\">\n\t\t\t\t\t<div class=\"column column-1-of-1 c-white padding-top-00 padding-left-40 padding-right-30\" >\n\t\t\t\t\t\t<p><strong>Invalda INVL shareholders re-elected Alvydas Banys, Indr\u0117 Mi\u0161eikyt\u0117 and Tomas Bubinas as an independent member to the company&#8217;s Board for a new four-year term at the general meeting on 30 April. At a Board meeting held later the same day, Alvydas Banys was elected as a chairman. The meeting also approved the 2025 results, approved the payment of dividend and a stock option program.<\/strong><\/p>\n<p>&#8220;The past four years of the Board&#8217;s term have been a period of rapid growth and strong financial results &#8211; both the net asset value per share, taking into account dividends paid (during the 2022\u20132025 financial years, +126%) and the share price on the stock exchange (during the Board&#8217;s term, +125%) have more than doubled. The shareholders&#8217; decision demonstrates confidence and ensures continuity of operations,&#8221; says Darius \u0160ulnis, CEO of Invalda INVL.<\/p>\n<p>Last year, the company earned EUR 47.1 million in audited net profit \u2013 6.1% more than in 2024, whilst assets under management and supervision reached EUR 2.1 billion.<\/p>\n<p>The meeting resolved to distribute EUR 12.06 million in dividends for the past year, or EUR 1.00 per share. Persons who are shareholders of the company at the end of 15 May 2026 will be entitled to receive the dividends.<\/p>\n<p>The general meeting also approved a long-term employee incentive program. Employees with whom option agreements were concluded in 2023 will this year be granted the right to acquire company shares. To implement this, up to 383,853 new company shares will be issued and transferred to programme participants. The company&#8217;s share capital will be increased by the nominal value of the issued shares.<\/p>\n<p>It was also agreed that the successful share option scheme would continue \u2013 in 2026, employees will be offered new option agreements under which they may acquire up to 100,000 company shares after three years.<\/p>\n<p><strong>About Invalda INVL<\/strong><\/p>\n<p>Invalda INVL is the leading Baltic asset management group with\u00a0a track record\u00a0spanning over 30 years. The group\u2019s companies manage or have under supervision\u00a0EUR 2.1 billion of assets across multiple asset classes including private equity, forests and agricultural land, renewable energy, real estate as well as private debt. The group\u2019s scope of activities also includes family office services in Lithuania, Latvia and Estonia, management of pension funds in Latvia, and investments in global third-party funds.<\/p>\n<p>The shares of Invalda INVL have been traded on the Nasdaq Vilnius stock exchange since 1995. Further information:\u00a0<a href=\"https:\/\/www.invaldainvl.com\/en\">https:\/\/www.invaldainvl.com\/en<\/a><\/p>\n\t\t<\/div>\n\t<\/section>\n","protected":false},"excerpt":{"rendered":"<p>Invalda INVL shareholders re-elected Alvydas Banys, Indr\u0117 Mi\u0161eikyt\u0117 and Tomas Bubinas as an independent member to the company&#8217;s Board for a new four-year term at the general meeting on 30 April. At a Board meeting held later the same day, Alvydas Banys was elected as a chairman. The meeting also approved the 2025 results, approved the payment of dividend and a stock option program.<\/p>\n","protected":false},"author":20,"featured_media":22747,"comment_status":"open","ping_status":"open","sticky":false,"template":"","format":"standard","meta":{"_acf_changed":false,"footnotes":""},"categories":[5],"tags":[],"class_list":["post-23405","post","type-post","status-publish","format-standard","has-post-thumbnail","hentry","category-press-releases"],"acf":[],"yoast_head":"<!-- This site is optimized with the Yoast SEO plugin v26.8 - https:\/\/yoast.com\/product\/yoast-seo-wordpress\/ -->\n<title>Invalda INVL shareholders re-elected Board, approved dividends - Invalda INVL<\/title>\n<meta name=\"robots\" content=\"index, follow, max-snippet:-1, max-image-preview:large, max-video-preview:-1\" \/>\n<link rel=\"canonical\" href=\"https:\/\/www.invaldainvl.com\/en\/press-releases\/invalda-invl-shareholders-re-elected-board-approved-dividends\/\" \/>\n<meta property=\"og:locale\" content=\"en_US\" \/>\n<meta property=\"og:type\" content=\"article\" \/>\n<meta property=\"og:title\" content=\"Invalda INVL shareholders re-elected Board, approved dividends - Invalda INVL\" \/>\n<meta property=\"og:description\" content=\"Invalda INVL shareholders re-elected Alvydas Banys, Indr\u0117 Mi\u0161eikyt\u0117 and Tomas Bubinas as an independent member to the company&#039;s Board for a new four-year term at the general meeting on 30 April. At a Board meeting held later the same day, Alvydas Banys was elected as a chairman. The meeting also approved the 2025 results, approved the payment of dividend and a stock option program.\" \/>\n<meta property=\"og:url\" content=\"https:\/\/www.invaldainvl.com\/en\/press-releases\/invalda-invl-shareholders-re-elected-board-approved-dividends\/\" \/>\n<meta property=\"og:site_name\" content=\"Invalda INVL\" \/>\n<meta property=\"article:published_time\" content=\"2026-04-30T07:41:12+00:00\" \/>\n<meta property=\"article:modified_time\" content=\"2026-04-30T07:41:14+00:00\" \/>\n<meta property=\"og:image\" content=\"https:\/\/www.invaldainvl.com\/wp-content\/uploads\/2025\/10\/Invalda-INVL-Group.jpg\" \/>\n\t<meta property=\"og:image:width\" content=\"2000\" \/>\n\t<meta property=\"og:image:height\" content=\"1333\" \/>\n\t<meta property=\"og:image:type\" content=\"image\/jpeg\" \/>\n<meta name=\"author\" content=\"Aleksas Rozentalis\" \/>\n<meta name=\"twitter:card\" content=\"summary_large_image\" \/>\n<meta name=\"twitter:label1\" content=\"Written by\" \/>\n\t<meta name=\"twitter:data1\" content=\"Aleksas Rozentalis\" \/>\n\t<meta name=\"twitter:label2\" content=\"Est. reading time\" \/>\n\t<meta name=\"twitter:data2\" content=\"1 minute\" \/>\n<script type=\"application\/ld+json\" class=\"yoast-schema-graph\">{\"@context\":\"https:\/\/schema.org\",\"@graph\":[{\"@type\":\"Article\",\"@id\":\"https:\/\/www.invaldainvl.com\/en\/press-releases\/invalda-invl-shareholders-re-elected-board-approved-dividends\/#article\",\"isPartOf\":{\"@id\":\"https:\/\/www.invaldainvl.com\/en\/press-releases\/invalda-invl-shareholders-re-elected-board-approved-dividends\/\"},\"author\":{\"name\":\"Aleksas Rozentalis\",\"@id\":\"https:\/\/www.invaldainvl.com\/#\/schema\/person\/a3e7c90a49f6ed6c89b39b4aa8d0083f\"},\"headline\":\"Invalda INVL shareholders re-elected Board, approved dividends\",\"datePublished\":\"2026-04-30T07:41:12+00:00\",\"dateModified\":\"2026-04-30T07:41:14+00:00\",\"mainEntityOfPage\":{\"@id\":\"https:\/\/www.invaldainvl.com\/en\/press-releases\/invalda-invl-shareholders-re-elected-board-approved-dividends\/\"},\"wordCount\":7,\"commentCount\":0,\"image\":{\"@id\":\"https:\/\/www.invaldainvl.com\/en\/press-releases\/invalda-invl-shareholders-re-elected-board-approved-dividends\/#primaryimage\"},\"thumbnailUrl\":\"https:\/\/www.invaldainvl.com\/wp-content\/uploads\/2025\/10\/Invalda-INVL-Group.jpg\",\"articleSection\":[\"Press releases\"],\"inLanguage\":\"en-US\",\"potentialAction\":[{\"@type\":\"CommentAction\",\"name\":\"Comment\",\"target\":[\"https:\/\/www.invaldainvl.com\/en\/press-releases\/invalda-invl-shareholders-re-elected-board-approved-dividends\/#respond\"]}]},{\"@type\":\"WebPage\",\"@id\":\"https:\/\/www.invaldainvl.com\/en\/press-releases\/invalda-invl-shareholders-re-elected-board-approved-dividends\/\",\"url\":\"https:\/\/www.invaldainvl.com\/en\/press-releases\/invalda-invl-shareholders-re-elected-board-approved-dividends\/\",\"name\":\"Invalda INVL shareholders re-elected Board, approved dividends - Invalda INVL\",\"isPartOf\":{\"@id\":\"https:\/\/www.invaldainvl.com\/#website\"},\"primaryImageOfPage\":{\"@id\":\"https:\/\/www.invaldainvl.com\/en\/press-releases\/invalda-invl-shareholders-re-elected-board-approved-dividends\/#primaryimage\"},\"image\":{\"@id\":\"https:\/\/www.invaldainvl.com\/en\/press-releases\/invalda-invl-shareholders-re-elected-board-approved-dividends\/#primaryimage\"},\"thumbnailUrl\":\"https:\/\/www.invaldainvl.com\/wp-content\/uploads\/2025\/10\/Invalda-INVL-Group.jpg\",\"datePublished\":\"2026-04-30T07:41:12+00:00\",\"dateModified\":\"2026-04-30T07:41:14+00:00\",\"author\":{\"@id\":\"https:\/\/www.invaldainvl.com\/#\/schema\/person\/a3e7c90a49f6ed6c89b39b4aa8d0083f\"},\"breadcrumb\":{\"@id\":\"https:\/\/www.invaldainvl.com\/en\/press-releases\/invalda-invl-shareholders-re-elected-board-approved-dividends\/#breadcrumb\"},\"inLanguage\":\"en-US\",\"potentialAction\":[{\"@type\":\"ReadAction\",\"target\":[\"https:\/\/www.invaldainvl.com\/en\/press-releases\/invalda-invl-shareholders-re-elected-board-approved-dividends\/\"]}]},{\"@type\":\"ImageObject\",\"inLanguage\":\"en-US\",\"@id\":\"https:\/\/www.invaldainvl.com\/en\/press-releases\/invalda-invl-shareholders-re-elected-board-approved-dividends\/#primaryimage\",\"url\":\"https:\/\/www.invaldainvl.com\/wp-content\/uploads\/2025\/10\/Invalda-INVL-Group.jpg\",\"contentUrl\":\"https:\/\/www.invaldainvl.com\/wp-content\/uploads\/2025\/10\/Invalda-INVL-Group.jpg\",\"width\":2000,\"height\":1333},{\"@type\":\"BreadcrumbList\",\"@id\":\"https:\/\/www.invaldainvl.com\/en\/press-releases\/invalda-invl-shareholders-re-elected-board-approved-dividends\/#breadcrumb\",\"itemListElement\":[{\"@type\":\"ListItem\",\"position\":1,\"name\":\"Home\",\"item\":\"https:\/\/www.invaldainvl.com\/en\/\"},{\"@type\":\"ListItem\",\"position\":2,\"name\":\"Invalda INVL shareholders re-elected Board, approved dividends\"}]},{\"@type\":\"WebSite\",\"@id\":\"https:\/\/www.invaldainvl.com\/#website\",\"url\":\"https:\/\/www.invaldainvl.com\/\",\"name\":\"Invalda INVL\",\"description\":\"Invalda INVL\",\"potentialAction\":[{\"@type\":\"SearchAction\",\"target\":{\"@type\":\"EntryPoint\",\"urlTemplate\":\"https:\/\/www.invaldainvl.com\/?s={search_term_string}\"},\"query-input\":{\"@type\":\"PropertyValueSpecification\",\"valueRequired\":true,\"valueName\":\"search_term_string\"}}],\"inLanguage\":\"en-US\"},{\"@type\":\"Person\",\"@id\":\"https:\/\/www.invaldainvl.com\/#\/schema\/person\/a3e7c90a49f6ed6c89b39b4aa8d0083f\",\"name\":\"Aleksas Rozentalis\",\"image\":{\"@type\":\"ImageObject\",\"inLanguage\":\"en-US\",\"@id\":\"https:\/\/www.invaldainvl.com\/#\/schema\/person\/image\/\",\"url\":\"https:\/\/secure.gravatar.com\/avatar\/92e31ae293d8701a15731009eec0bf04fd6a0a2da916e3b4a48dbe744cdfa496?s=96&d=mm&r=g\",\"contentUrl\":\"https:\/\/secure.gravatar.com\/avatar\/92e31ae293d8701a15731009eec0bf04fd6a0a2da916e3b4a48dbe744cdfa496?s=96&d=mm&r=g\",\"caption\":\"Aleksas Rozentalis\"}}]}<\/script>\n<!-- \/ Yoast SEO plugin. -->","yoast_head_json":{"title":"Invalda INVL shareholders re-elected Board, approved dividends - Invalda INVL","robots":{"index":"index","follow":"follow","max-snippet":"max-snippet:-1","max-image-preview":"max-image-preview:large","max-video-preview":"max-video-preview:-1"},"canonical":"https:\/\/www.invaldainvl.com\/en\/press-releases\/invalda-invl-shareholders-re-elected-board-approved-dividends\/","og_locale":"en_US","og_type":"article","og_title":"Invalda INVL shareholders re-elected Board, approved dividends - Invalda INVL","og_description":"Invalda INVL shareholders re-elected Alvydas Banys, Indr\u0117 Mi\u0161eikyt\u0117 and Tomas Bubinas as an independent member to the company's Board for a new four-year term at the general meeting on 30 April. At a Board meeting held later the same day, Alvydas Banys was elected as a chairman. The meeting also approved the 2025 results, approved the payment of dividend and a stock option program.","og_url":"https:\/\/www.invaldainvl.com\/en\/press-releases\/invalda-invl-shareholders-re-elected-board-approved-dividends\/","og_site_name":"Invalda INVL","article_published_time":"2026-04-30T07:41:12+00:00","article_modified_time":"2026-04-30T07:41:14+00:00","og_image":[{"width":2000,"height":1333,"url":"https:\/\/www.invaldainvl.com\/wp-content\/uploads\/2025\/10\/Invalda-INVL-Group.jpg","type":"image\/jpeg"}],"author":"Aleksas Rozentalis","twitter_card":"summary_large_image","twitter_misc":{"Written by":"Aleksas Rozentalis","Est. reading time":"1 minute"},"schema":{"@context":"https:\/\/schema.org","@graph":[{"@type":"Article","@id":"https:\/\/www.invaldainvl.com\/en\/press-releases\/invalda-invl-shareholders-re-elected-board-approved-dividends\/#article","isPartOf":{"@id":"https:\/\/www.invaldainvl.com\/en\/press-releases\/invalda-invl-shareholders-re-elected-board-approved-dividends\/"},"author":{"name":"Aleksas Rozentalis","@id":"https:\/\/www.invaldainvl.com\/#\/schema\/person\/a3e7c90a49f6ed6c89b39b4aa8d0083f"},"headline":"Invalda INVL shareholders re-elected Board, approved dividends","datePublished":"2026-04-30T07:41:12+00:00","dateModified":"2026-04-30T07:41:14+00:00","mainEntityOfPage":{"@id":"https:\/\/www.invaldainvl.com\/en\/press-releases\/invalda-invl-shareholders-re-elected-board-approved-dividends\/"},"wordCount":7,"commentCount":0,"image":{"@id":"https:\/\/www.invaldainvl.com\/en\/press-releases\/invalda-invl-shareholders-re-elected-board-approved-dividends\/#primaryimage"},"thumbnailUrl":"https:\/\/www.invaldainvl.com\/wp-content\/uploads\/2025\/10\/Invalda-INVL-Group.jpg","articleSection":["Press releases"],"inLanguage":"en-US","potentialAction":[{"@type":"CommentAction","name":"Comment","target":["https:\/\/www.invaldainvl.com\/en\/press-releases\/invalda-invl-shareholders-re-elected-board-approved-dividends\/#respond"]}]},{"@type":"WebPage","@id":"https:\/\/www.invaldainvl.com\/en\/press-releases\/invalda-invl-shareholders-re-elected-board-approved-dividends\/","url":"https:\/\/www.invaldainvl.com\/en\/press-releases\/invalda-invl-shareholders-re-elected-board-approved-dividends\/","name":"Invalda INVL shareholders re-elected Board, approved dividends - Invalda INVL","isPartOf":{"@id":"https:\/\/www.invaldainvl.com\/#website"},"primaryImageOfPage":{"@id":"https:\/\/www.invaldainvl.com\/en\/press-releases\/invalda-invl-shareholders-re-elected-board-approved-dividends\/#primaryimage"},"image":{"@id":"https:\/\/www.invaldainvl.com\/en\/press-releases\/invalda-invl-shareholders-re-elected-board-approved-dividends\/#primaryimage"},"thumbnailUrl":"https:\/\/www.invaldainvl.com\/wp-content\/uploads\/2025\/10\/Invalda-INVL-Group.jpg","datePublished":"2026-04-30T07:41:12+00:00","dateModified":"2026-04-30T07:41:14+00:00","author":{"@id":"https:\/\/www.invaldainvl.com\/#\/schema\/person\/a3e7c90a49f6ed6c89b39b4aa8d0083f"},"breadcrumb":{"@id":"https:\/\/www.invaldainvl.com\/en\/press-releases\/invalda-invl-shareholders-re-elected-board-approved-dividends\/#breadcrumb"},"inLanguage":"en-US","potentialAction":[{"@type":"ReadAction","target":["https:\/\/www.invaldainvl.com\/en\/press-releases\/invalda-invl-shareholders-re-elected-board-approved-dividends\/"]}]},{"@type":"ImageObject","inLanguage":"en-US","@id":"https:\/\/www.invaldainvl.com\/en\/press-releases\/invalda-invl-shareholders-re-elected-board-approved-dividends\/#primaryimage","url":"https:\/\/www.invaldainvl.com\/wp-content\/uploads\/2025\/10\/Invalda-INVL-Group.jpg","contentUrl":"https:\/\/www.invaldainvl.com\/wp-content\/uploads\/2025\/10\/Invalda-INVL-Group.jpg","width":2000,"height":1333},{"@type":"BreadcrumbList","@id":"https:\/\/www.invaldainvl.com\/en\/press-releases\/invalda-invl-shareholders-re-elected-board-approved-dividends\/#breadcrumb","itemListElement":[{"@type":"ListItem","position":1,"name":"Home","item":"https:\/\/www.invaldainvl.com\/en\/"},{"@type":"ListItem","position":2,"name":"Invalda INVL shareholders re-elected Board, approved dividends"}]},{"@type":"WebSite","@id":"https:\/\/www.invaldainvl.com\/#website","url":"https:\/\/www.invaldainvl.com\/","name":"Invalda INVL","description":"Invalda INVL","potentialAction":[{"@type":"SearchAction","target":{"@type":"EntryPoint","urlTemplate":"https:\/\/www.invaldainvl.com\/?s={search_term_string}"},"query-input":{"@type":"PropertyValueSpecification","valueRequired":true,"valueName":"search_term_string"}}],"inLanguage":"en-US"},{"@type":"Person","@id":"https:\/\/www.invaldainvl.com\/#\/schema\/person\/a3e7c90a49f6ed6c89b39b4aa8d0083f","name":"Aleksas Rozentalis","image":{"@type":"ImageObject","inLanguage":"en-US","@id":"https:\/\/www.invaldainvl.com\/#\/schema\/person\/image\/","url":"https:\/\/secure.gravatar.com\/avatar\/92e31ae293d8701a15731009eec0bf04fd6a0a2da916e3b4a48dbe744cdfa496?s=96&d=mm&r=g","contentUrl":"https:\/\/secure.gravatar.com\/avatar\/92e31ae293d8701a15731009eec0bf04fd6a0a2da916e3b4a48dbe744cdfa496?s=96&d=mm&r=g","caption":"Aleksas Rozentalis"}}]}},"_links":{"self":[{"href":"https:\/\/www.invaldainvl.com\/en\/wp-json\/wp\/v2\/posts\/23405","targetHints":{"allow":["GET"]}}],"collection":[{"href":"https:\/\/www.invaldainvl.com\/en\/wp-json\/wp\/v2\/posts"}],"about":[{"href":"https:\/\/www.invaldainvl.com\/en\/wp-json\/wp\/v2\/types\/post"}],"author":[{"embeddable":true,"href":"https:\/\/www.invaldainvl.com\/en\/wp-json\/wp\/v2\/users\/20"}],"replies":[{"embeddable":true,"href":"https:\/\/www.invaldainvl.com\/en\/wp-json\/wp\/v2\/comments?post=23405"}],"version-history":[{"count":1,"href":"https:\/\/www.invaldainvl.com\/en\/wp-json\/wp\/v2\/posts\/23405\/revisions"}],"predecessor-version":[{"id":23406,"href":"https:\/\/www.invaldainvl.com\/en\/wp-json\/wp\/v2\/posts\/23405\/revisions\/23406"}],"wp:featuredmedia":[{"embeddable":true,"href":"https:\/\/www.invaldainvl.com\/en\/wp-json\/wp\/v2\/media\/22747"}],"wp:attachment":[{"href":"https:\/\/www.invaldainvl.com\/en\/wp-json\/wp\/v2\/media?parent=23405"}],"wp:term":[{"taxonomy":"category","embeddable":true,"href":"https:\/\/www.invaldainvl.com\/en\/wp-json\/wp\/v2\/categories?post=23405"},{"taxonomy":"post_tag","embeddable":true,"href":"https:\/\/www.invaldainvl.com\/en\/wp-json\/wp\/v2\/tags?post=23405"}],"curies":[{"name":"wp","href":"https:\/\/api.w.org\/{rel}","templated":true}]}}